{"id":205,"date":"2020-05-15T16:30:32","date_gmt":"2020-05-15T14:30:32","guid":{"rendered":"https:\/\/ciedelalaurence.com\/?p=205"},"modified":"2020-10-15T12:45:43","modified_gmt":"2020-10-15T10:45:43","slug":"tristes-nouvelles","status":"publish","type":"post","link":"https:\/\/ciedelalaurence.com\/?p=205","title":{"rendered":"tristes nouvelles &#8230;"},"content":{"rendered":"\n<p>Les derni\u00e8res mesures du gouvernement ne sont pas vraiment favorables aux activit\u00e9s culturelles.<br>Le festival <strong>Sc\u00e8nes Buissonni\u00e8res<\/strong> qui devait avoir lieu du 3 au 5 juillet \u00e0 Cabanac-et-Villagrains <strong>vient d\u2019\u00eatre annul\u00e9 et report\u00e9 en 2021.<\/strong><\/p>\n\n\n\n<p><strong>Notre Journ\u00e9e des Ateliers n\u2019aura pas lieu le 6 juin<\/strong>, la Salle Polyvalente \u00e9tant ferm\u00e9e comme toutes les salles des f\u00eates et th\u00e9\u00e2tres&#8230;<br>Nos ateliers en salle sont donc arr\u00eat\u00e9s depuis le 16 mars.<\/p>\n\n\n\n<p>Notre souhaitest de reprendre les ateliers hebdomadaires d\u00e8s le 1er septembre pour terminer la saison&#8230;<\/p>\n\n\n\n<p>Nous voulons (si nous avons l&rsquo;autorisation) envisager une manifestation le 23 octobre 2020, avec toutes les sections, enfants et adultes. <strong>Cette ann\u00e9e est aussi celle de nos 30 ans d&rsquo;association!<\/strong><br>Il sera n\u00e9cessaire de revoir les mises en sc\u00e8ne en tenant compte des distances&#8230;De nouveaux gestes \u00e0 apprendre ! C&rsquo;est super !&nbsp;Nous allons innover !&nbsp;Travailler l&rsquo;improvisation diff\u00e9remment. Ce sera une nouvelle mani\u00e8re d&rsquo;appr\u00e9hender la sc\u00e8ne et le jeu !<br>Nous nous adapterons !<\/p>\n\n\n\n<p>Pour les cotisations aux ateliers hebdomadaires : deux options, choix \u00e0 confirmer aupr\u00e8s du tr\u00e9sorier en suivant les liens ci-dessous. R\u00e9ponses attendues avant le 31 mai. <\/p>\n\n\n\n<p class=\"has-text-color has-vivid-red-color\"><strong>&gt;&gt;&gt;&nbsp;&nbsp;<a rel=\"noreferrer noopener\" href=\"mailto:tresorier@ciedelalaurence.com?subject=COMPAGNIE%20DE%20LA%20LAURENCE%20Demande%20de%20remboursement&amp;body=Je%20soussign%C3%A9%0A%0A%20NOM-PRENOM-ADRESSE%20COMPLETE%20%E2%80%93%20NUMERO%20DE%20TELEPHONE%0A%0Avous%20prie%20de%20me%20rembourser%20la%20somme%20de%20%20%20%20%E2%82%AC%20au%20titre%20de%20la%20saison%202019%2F2020%20incompl%C3%A8te.%20Vous%20pouvez%20d%C3%A9truire%20le%20ch%C3%A8que%20en%20votre%20possession.%0A%0AJe%20reprendrai%20%2F%20mon%20enfant%20reprendra%20lorsque%20la%20nouvelle%20saison%20sera%20mise%20en%20place.%0A%0AJe%20n%E2%80%99ai%20pas%20%2F%20mon%20enfant%20n%E2%80%99a%20pas%20l%E2%80%99intention%20de%20reprendre%20l%E2%80%99activit%C3%A9%20th%C3%A9%C3%A2tre%20en%202020%2F2021.%0A\" target=\"_blank\">Demande de remboursement<\/a><\/strong><\/p>\n\n\n\n<p class=\"has-text-color has-vivid-red-color\"><strong>&gt;&gt;&gt;&nbsp;&nbsp;<a rel=\"noreferrer noopener\" href=\"mailto:tresorier@ciedelalaurence.com?subject=Abandon%20pour%20soutenir%20l%E2%80%99association.&amp;body=Je%20soussign%C3%A9%0A%0ANOM-PRENOM-ADRESSE%20COMPLETE%20%E2%80%93%20NUMERO%20DE%20TELEPHONE%0A%0Avous%20prie%20de%20noter%20que%20j%E2%80%99abandonne%20la%20somme%20de%2080%20%E2%82%AC%20%2F30%E2%82%AC%20%C3%A0%20la%20Compagnie%20de%20la%20Laurence%20au%20titre%20de%20la%20saison%202019%2F2020%20incompl%C3%A8te.%20Vous%20pouvez%20encaisser%20le%20ch%C3%A8que%20en%20votre%20possession.%0A%0AJe%20reprendrai%20%2F%20mon%20enfant%20reprendra%20en%20septembre%20pour%20terminer%20la%20saison.%0A%0AJe%20reprendrai%20%2F%20mon%20enfant%20reprendra%20lorsque%20la%20nouvelle%20saison%202020%2F2021%20sera%20mise%20en%20place.%0A%0AJe%20n%E2%80%99ai%20pas%20%2F%20mon%20enfant%20n%E2%80%99a%20pas%20l%E2%80%99intention%20de%20reprendre%20l%E2%80%99activit%C3%A9%20th%C3%A9%C3%A2tre%20en%202020%2F2021.%0A\" target=\"_blank\">Abandon pour soutenir l\u2019association.<\/a><\/strong><\/p>\n\n\n\n<p><\/p>\n","protected":false},"excerpt":{"rendered":"<p>Les derni\u00e8res mesures du gouvernement ne sont pas vraiment favorables aux activit\u00e9s culturelles.Le festival Sc\u00e8nes Buissonni\u00e8res qui devait avoir lieu du 3 au 5 juillet \u00e0 Cabanac-et-Villagrains vient d\u2019\u00eatre annul\u00e9 et report\u00e9 en 2021. Notre Journ\u00e9e des Ateliers n\u2019aura pas &hellip;<\/p>\n<p class=\"read-more\"> <a class=\"more-link\" href=\"https:\/\/ciedelalaurence.com\/?p=205\"> <span class=\"screen-reader-text\">tristes nouvelles &#8230;<\/span> Read More &raquo;<\/a><\/p>\n","protected":false},"author":2,"featured_media":0,"comment_status":"closed","ping_status":"closed","sticky":false,"template":"","format":"standard","meta":{"footnotes":""},"categories":[1,6,5,7],"tags":[11],"class_list":["post-205","post","type-post","status-publish","format-standard","hentry","category-actualite","category-flip","category-kids","category-theatre","tag-covid-19"],"_links":{"self":[{"href":"https:\/\/ciedelalaurence.com\/index.php?rest_route=\/wp\/v2\/posts\/205","targetHints":{"allow":["GET"]}}],"collection":[{"href":"https:\/\/ciedelalaurence.com\/index.php?rest_route=\/wp\/v2\/posts"}],"about":[{"href":"https:\/\/ciedelalaurence.com\/index.php?rest_route=\/wp\/v2\/types\/post"}],"author":[{"embeddable":true,"href":"https:\/\/ciedelalaurence.com\/index.php?rest_route=\/wp\/v2\/users\/2"}],"replies":[{"embeddable":true,"href":"https:\/\/ciedelalaurence.com\/index.php?rest_route=%2Fwp%2Fv2%2Fcomments&post=205"}],"version-history":[{"count":3,"href":"https:\/\/ciedelalaurence.com\/index.php?rest_route=\/wp\/v2\/posts\/205\/revisions"}],"predecessor-version":[{"id":208,"href":"https:\/\/ciedelalaurence.com\/index.php?rest_route=\/wp\/v2\/posts\/205\/revisions\/208"}],"wp:attachment":[{"href":"https:\/\/ciedelalaurence.com\/index.php?rest_route=%2Fwp%2Fv2%2Fmedia&parent=205"}],"wp:term":[{"taxonomy":"category","embeddable":true,"href":"https:\/\/ciedelalaurence.com\/index.php?rest_route=%2Fwp%2Fv2%2Fcategories&post=205"},{"taxonomy":"post_tag","embeddable":true,"href":"https:\/\/ciedelalaurence.com\/index.php?rest_route=%2Fwp%2Fv2%2Ftags&post=205"}],"curies":[{"name":"wp","href":"https:\/\/api.w.org\/{rel}","templated":true}]}}